{"id":1106,"date":"2013-02-22T11:58:15","date_gmt":"2013-02-22T09:58:15","guid":{"rendered":"http:\/\/www.vandralasteaed.eu\/?p=1106"},"modified":"2013-02-22T11:58:15","modified_gmt":"2013-02-22T09:58:15","slug":"26-veebruar-murakaru-majas","status":"publish","type":"post","link":"https:\/\/vandralasteaed.pparnumaa.ee\/?p=1106","title":{"rendered":"26. VEEBRUAR M\u00dcRAKARU MAJAS"},"content":{"rendered":"<p>Seoses haiguspuhanguga M\u00fcrakaru majas, t\u00e4histame Eesti Vabariigi 95 s\u00fcnnip\u00e4eva 26. veebruaril piduliku kontserdiga.<\/p>\n","protected":false},"excerpt":{"rendered":"<p>Seoses haiguspuhanguga M\u00fcrakaru majas, t\u00e4histame Eesti Vabariigi 95 s\u00fcnnip\u00e4eva 26. veebruaril piduliku kontserdiga.<\/p>\n","protected":false},"author":1,"featured_media":0,"comment_status":"closed","ping_status":"open","sticky":false,"template":"","format":"standard","meta":{"ngg_post_thumbnail":0,"footnotes":""},"categories":[1],"tags":[],"_links":{"self":[{"href":"https:\/\/vandralasteaed.pparnumaa.ee\/index.php?rest_route=\/wp\/v2\/posts\/1106"}],"collection":[{"href":"https:\/\/vandralasteaed.pparnumaa.ee\/index.php?rest_route=\/wp\/v2\/posts"}],"about":[{"href":"https:\/\/vandralasteaed.pparnumaa.ee\/index.php?rest_route=\/wp\/v2\/types\/post"}],"author":[{"embeddable":true,"href":"https:\/\/vandralasteaed.pparnumaa.ee\/index.php?rest_route=\/wp\/v2\/users\/1"}],"replies":[{"embeddable":true,"href":"https:\/\/vandralasteaed.pparnumaa.ee\/index.php?rest_route=%2Fwp%2Fv2%2Fcomments&post=1106"}],"version-history":[{"count":1,"href":"https:\/\/vandralasteaed.pparnumaa.ee\/index.php?rest_route=\/wp\/v2\/posts\/1106\/revisions"}],"predecessor-version":[{"id":1107,"href":"https:\/\/vandralasteaed.pparnumaa.ee\/index.php?rest_route=\/wp\/v2\/posts\/1106\/revisions\/1107"}],"wp:attachment":[{"href":"https:\/\/vandralasteaed.pparnumaa.ee\/index.php?rest_route=%2Fwp%2Fv2%2Fmedia&parent=1106"}],"wp:term":[{"taxonomy":"category","embeddable":true,"href":"https:\/\/vandralasteaed.pparnumaa.ee\/index.php?rest_route=%2Fwp%2Fv2%2Fcategories&post=1106"},{"taxonomy":"post_tag","embeddable":true,"href":"https:\/\/vandralasteaed.pparnumaa.ee\/index.php?rest_route=%2Fwp%2Fv2%2Ftags&post=1106"}],"curies":[{"name":"wp","href":"https:\/\/api.w.org\/{rel}","templated":true}]}}