{"id":1168,"date":"2013-04-26T10:18:27","date_gmt":"2013-04-26T08:18:27","guid":{"rendered":"http:\/\/www.vandralasteaed.eu\/?p=1168"},"modified":"2013-04-26T10:18:27","modified_gmt":"2013-04-26T08:18:27","slug":"03-mai","status":"publish","type":"post","link":"https:\/\/vandralasteaed.pparnumaa.ee\/?p=1168","title":{"rendered":"03.MAI"},"content":{"rendered":"<p>K\u00fclastab taas lapsi Tootsi Lasteaed-P\u00f5hikooli n\u00e4itering etendusega &#8220;Argp\u00fcksid&#8221;.<\/p>\n<p>Etendus\u00a0algab Rukkilille maja saalis, kell 10.30. (vt kuulutust manusena)<\/p>\n<p><a href=\"http:\/\/www.vandralasteaed.eu\/wp-content\/uploads\/2013\/04\/ARGP\u00dcKSID.doc\">ARGP\u00dcKSID<\/a><\/p>\n","protected":false},"excerpt":{"rendered":"<p>K\u00fclastab taas lapsi Tootsi Lasteaed-P\u00f5hikooli n\u00e4itering etendusega &#8220;Argp\u00fcksid&#8221;. Etendus\u00a0algab Rukkilille maja saalis, kell 10.30. (vt kuulutust manusena) ARGP\u00dcKSID<\/p>\n","protected":false},"author":1,"featured_media":0,"comment_status":"closed","ping_status":"open","sticky":false,"template":"","format":"standard","meta":{"ngg_post_thumbnail":0,"footnotes":""},"categories":[1],"tags":[],"_links":{"self":[{"href":"https:\/\/vandralasteaed.pparnumaa.ee\/index.php?rest_route=\/wp\/v2\/posts\/1168"}],"collection":[{"href":"https:\/\/vandralasteaed.pparnumaa.ee\/index.php?rest_route=\/wp\/v2\/posts"}],"about":[{"href":"https:\/\/vandralasteaed.pparnumaa.ee\/index.php?rest_route=\/wp\/v2\/types\/post"}],"author":[{"embeddable":true,"href":"https:\/\/vandralasteaed.pparnumaa.ee\/index.php?rest_route=\/wp\/v2\/users\/1"}],"replies":[{"embeddable":true,"href":"https:\/\/vandralasteaed.pparnumaa.ee\/index.php?rest_route=%2Fwp%2Fv2%2Fcomments&post=1168"}],"version-history":[{"count":1,"href":"https:\/\/vandralasteaed.pparnumaa.ee\/index.php?rest_route=\/wp\/v2\/posts\/1168\/revisions"}],"predecessor-version":[{"id":1170,"href":"https:\/\/vandralasteaed.pparnumaa.ee\/index.php?rest_route=\/wp\/v2\/posts\/1168\/revisions\/1170"}],"wp:attachment":[{"href":"https:\/\/vandralasteaed.pparnumaa.ee\/index.php?rest_route=%2Fwp%2Fv2%2Fmedia&parent=1168"}],"wp:term":[{"taxonomy":"category","embeddable":true,"href":"https:\/\/vandralasteaed.pparnumaa.ee\/index.php?rest_route=%2Fwp%2Fv2%2Fcategories&post=1168"},{"taxonomy":"post_tag","embeddable":true,"href":"https:\/\/vandralasteaed.pparnumaa.ee\/index.php?rest_route=%2Fwp%2Fv2%2Ftags&post=1168"}],"curies":[{"name":"wp","href":"https:\/\/api.w.org\/{rel}","templated":true}]}}