{"id":1186,"date":"2013-05-10T07:38:03","date_gmt":"2013-05-10T05:38:03","guid":{"rendered":"http:\/\/www.vandralasteaed.eu\/?p=1186"},"modified":"2013-05-15T08:17:33","modified_gmt":"2013-05-15T06:17:33","slug":"kevadised-ruhmakoosolekud","status":"publish","type":"post","link":"https:\/\/vandralasteaed.pparnumaa.ee\/?p=1186","title":{"rendered":"KEVADISED R\u00dcHMAKOOSOLEKUD"},"content":{"rendered":"<p><strong><span style=\"text-decoration: underline;\">M\u00dcRAKARU MAJAS:<\/span><\/strong><\/p>\n<p>14.mai, kell 17.15- MESIK\u00c4PAD<\/p>\n<p>28.mai, kell 17.00- M\u00d5MMIKUD (+KEVADPIDU)<\/p>\n<p>29. mai, kell 16.30- KAISUKARUD (+KEVADPIDU)<\/p>\n<p>30.mai, kell 17.00- M\u00dcRAKARUD (+ KEVADPIDU)<\/p>\n<p><span style=\"text-decoration: underline;\"><strong>RUKKILILLE MAJAS:<\/strong><\/span><\/p>\n<p>14.mai, kell 17.00-\u00a0 MESIMUMMID<\/p>\n<p>21.mai, kell 16.30- TIBUD (+ LAVASTUS)<\/p>\n<p>29.mai, kell 17.00- P\u00d5NNID (+ LAVASTUS)<\/p>\n<p>Toimunud on\u00a0lapsevanematele Puhhide, Lepatriinude ja P\u00e4ikesej\u00e4nkude r\u00fchmade koosolekud ja lavastused.<\/p>\n","protected":false},"excerpt":{"rendered":"<p>M\u00dcRAKARU MAJAS: 14.mai, kell 17.15- MESIK\u00c4PAD 28.mai, kell 17.00- M\u00d5MMIKUD (+KEVADPIDU) 29. mai, kell 16.30- KAISUKARUD (+KEVADPIDU) 30.mai, kell 17.00- M\u00dcRAKARUD (+ KEVADPIDU) RUKKILILLE MAJAS: 14.mai, kell 17.00-\u00a0 MESIMUMMID 21.mai, kell 16.30- TIBUD (+ LAVASTUS) 29.mai, kell 17.00- P\u00d5NNID (+ LAVASTUS) Toimunud on\u00a0lapsevanematele Puhhide, Lepatriinude ja P\u00e4ikesej\u00e4nkude r\u00fchmade koosolekud ja lavastused.<\/p>\n","protected":false},"author":1,"featured_media":0,"comment_status":"closed","ping_status":"open","sticky":false,"template":"","format":"standard","meta":{"ngg_post_thumbnail":0,"footnotes":""},"categories":[1],"tags":[],"_links":{"self":[{"href":"https:\/\/vandralasteaed.pparnumaa.ee\/index.php?rest_route=\/wp\/v2\/posts\/1186"}],"collection":[{"href":"https:\/\/vandralasteaed.pparnumaa.ee\/index.php?rest_route=\/wp\/v2\/posts"}],"about":[{"href":"https:\/\/vandralasteaed.pparnumaa.ee\/index.php?rest_route=\/wp\/v2\/types\/post"}],"author":[{"embeddable":true,"href":"https:\/\/vandralasteaed.pparnumaa.ee\/index.php?rest_route=\/wp\/v2\/users\/1"}],"replies":[{"embeddable":true,"href":"https:\/\/vandralasteaed.pparnumaa.ee\/index.php?rest_route=%2Fwp%2Fv2%2Fcomments&post=1186"}],"version-history":[{"count":3,"href":"https:\/\/vandralasteaed.pparnumaa.ee\/index.php?rest_route=\/wp\/v2\/posts\/1186\/revisions"}],"predecessor-version":[{"id":1193,"href":"https:\/\/vandralasteaed.pparnumaa.ee\/index.php?rest_route=\/wp\/v2\/posts\/1186\/revisions\/1193"}],"wp:attachment":[{"href":"https:\/\/vandralasteaed.pparnumaa.ee\/index.php?rest_route=%2Fwp%2Fv2%2Fmedia&parent=1186"}],"wp:term":[{"taxonomy":"category","embeddable":true,"href":"https:\/\/vandralasteaed.pparnumaa.ee\/index.php?rest_route=%2Fwp%2Fv2%2Fcategories&post=1186"},{"taxonomy":"post_tag","embeddable":true,"href":"https:\/\/vandralasteaed.pparnumaa.ee\/index.php?rest_route=%2Fwp%2Fv2%2Ftags&post=1186"}],"curies":[{"name":"wp","href":"https:\/\/api.w.org\/{rel}","templated":true}]}}