{"id":1223,"date":"2013-06-03T10:45:14","date_gmt":"2013-06-03T08:45:14","guid":{"rendered":"http:\/\/www.vandralasteaed.eu\/?p=1223"},"modified":"2013-07-01T09:01:37","modified_gmt":"2013-07-01T07:01:37","slug":"suvine-tookorraldus","status":"publish","type":"post","link":"https:\/\/vandralasteaed.pparnumaa.ee\/?p=1223","title":{"rendered":"SUVINE T\u00d6\u00d6KORRALDUS"},"content":{"rendered":"<p>Lp. lapsevanemad!<\/p>\n<p>Kui Teie laps j\u00e4\u00e4b puuduma, siis kindlasti teavitage lasteaia\u00a0telefonile Rukkilille maja 4495 027; M\u00fcrakaru maja 4495 696. Vastasel korral l\u00e4hevad k\u00f5ik p\u00e4evad tasustamisele.<\/p>\n<p>Palume Teie m\u00f5istvat suhtumist kohati <span style=\"color: #ff0000;\">v\u00e4ga<\/span> suurde laste arvu, praktika on n\u00e4idanud, et paljud lapsevanemad ei kasuta suveks planeeritud kohta. Meie omalt poolt p\u00fc\u00fcame luua k\u00f5ik tingimused laste heaoluks.<\/p>\n<p>T\u00f6\u00f6korralduse vaatamiseks kl\u00f5psa allolevale lingile<\/p>\n<p><a href=\"http:\/\/www.vandralasteaed.eu\/wp-content\/uploads\/2013\/06\/RUKKILILLE-MAJA-R\u00dcHMAD-2013-SUVEL9.doc\">RUKKILILLE MAJA R\u00dcHMAD 2013 SUVEL<\/a><\/p>\n<p><a href=\"http:\/\/www.vandralasteaed.eu\/wp-content\/uploads\/2013\/06\/M\u00dcRAKARU-MAJA-r\u00fchmad-2013-suvel4.doc\">M\u00dcRAKARU MAJA r\u00fchmad 2013 suvel<\/a><\/p>\n","protected":false},"excerpt":{"rendered":"<p>Lp. lapsevanemad! Kui Teie laps j\u00e4\u00e4b puuduma, siis kindlasti teavitage lasteaia\u00a0telefonile Rukkilille maja 4495 027; M\u00fcrakaru maja 4495 696. Vastasel korral l\u00e4hevad k\u00f5ik p\u00e4evad tasustamisele. Palume Teie m\u00f5istvat suhtumist kohati v\u00e4ga suurde laste arvu, praktika on n\u00e4idanud, et paljud lapsevanemad ei kasuta suveks planeeritud kohta. Meie omalt poolt p\u00fc\u00fcame luua k\u00f5ik tingimused laste heaoluks. T\u00f6\u00f6korralduse &hellip; <a href=\"https:\/\/vandralasteaed.pparnumaa.ee\/?p=1223\" class=\"more-link\">Loe edasi<span class=\"screen-reader-text\"> &#8220;SUVINE T\u00d6\u00d6KORRALDUS&#8221;<\/span><\/a><\/p>\n","protected":false},"author":1,"featured_media":0,"comment_status":"closed","ping_status":"open","sticky":false,"template":"","format":"standard","meta":{"ngg_post_thumbnail":0,"footnotes":""},"categories":[1],"tags":[],"_links":{"self":[{"href":"https:\/\/vandralasteaed.pparnumaa.ee\/index.php?rest_route=\/wp\/v2\/posts\/1223"}],"collection":[{"href":"https:\/\/vandralasteaed.pparnumaa.ee\/index.php?rest_route=\/wp\/v2\/posts"}],"about":[{"href":"https:\/\/vandralasteaed.pparnumaa.ee\/index.php?rest_route=\/wp\/v2\/types\/post"}],"author":[{"embeddable":true,"href":"https:\/\/vandralasteaed.pparnumaa.ee\/index.php?rest_route=\/wp\/v2\/users\/1"}],"replies":[{"embeddable":true,"href":"https:\/\/vandralasteaed.pparnumaa.ee\/index.php?rest_route=%2Fwp%2Fv2%2Fcomments&post=1223"}],"version-history":[{"count":14,"href":"https:\/\/vandralasteaed.pparnumaa.ee\/index.php?rest_route=\/wp\/v2\/posts\/1223\/revisions"}],"predecessor-version":[{"id":1259,"href":"https:\/\/vandralasteaed.pparnumaa.ee\/index.php?rest_route=\/wp\/v2\/posts\/1223\/revisions\/1259"}],"wp:attachment":[{"href":"https:\/\/vandralasteaed.pparnumaa.ee\/index.php?rest_route=%2Fwp%2Fv2%2Fmedia&parent=1223"}],"wp:term":[{"taxonomy":"category","embeddable":true,"href":"https:\/\/vandralasteaed.pparnumaa.ee\/index.php?rest_route=%2Fwp%2Fv2%2Fcategories&post=1223"},{"taxonomy":"post_tag","embeddable":true,"href":"https:\/\/vandralasteaed.pparnumaa.ee\/index.php?rest_route=%2Fwp%2Fv2%2Ftags&post=1223"}],"curies":[{"name":"wp","href":"https:\/\/api.w.org\/{rel}","templated":true}]}}