{"id":1340,"date":"2013-11-08T11:48:11","date_gmt":"2013-11-08T09:48:11","guid":{"rendered":"http:\/\/vandralasteaed.eu\/?p=1340"},"modified":"2013-11-08T11:48:11","modified_gmt":"2013-11-08T09:48:11","slug":"hoolekogu-koosolek-3","status":"publish","type":"post","link":"https:\/\/vandralasteaed.pparnumaa.ee\/?p=1340","title":{"rendered":"HOOLEKOGU KOOSOLEK"},"content":{"rendered":"<p>Toimub 12. novembril, kell 17.00 Rukkilille maja saalis.<\/p>\n<p>P\u00e4evakord:<\/p>\n<p>1. Hoolekogu t\u00f6\u00f6korralduse tutvustamine<\/p>\n<p>2. Esimehe, aseesimehe ja protokollija valimine<\/p>\n<p>3. L\u00fchikokkuv\u00f5te m\u00f6\u00f6dunud \u00f5ppeaastast<\/p>\n<p>4. K\u00e4esoleva \u00f5ppeaasta tegemised ja plaanid<\/p>\n<p>Kui on mingi teema, mis peaks j\u00f5udma hoolekogusse, siis v\u00f5tke \u00fchendust oma r\u00fchma esindajaga v\u00f5i direktoriga. P\u00e4rast esimest koosolekut tulevad nimed ja kontaktid ka kodulehele.<\/p>\n","protected":false},"excerpt":{"rendered":"<p>Toimub 12. novembril, kell 17.00 Rukkilille maja saalis. P\u00e4evakord: 1. Hoolekogu t\u00f6\u00f6korralduse tutvustamine 2. Esimehe, aseesimehe ja protokollija valimine 3. L\u00fchikokkuv\u00f5te m\u00f6\u00f6dunud \u00f5ppeaastast 4. K\u00e4esoleva \u00f5ppeaasta tegemised ja plaanid Kui on mingi teema, mis peaks j\u00f5udma hoolekogusse, siis v\u00f5tke \u00fchendust oma r\u00fchma esindajaga v\u00f5i direktoriga. P\u00e4rast esimest koosolekut tulevad nimed ja kontaktid ka kodulehele.<\/p>\n","protected":false},"author":1,"featured_media":0,"comment_status":"closed","ping_status":"open","sticky":false,"template":"","format":"standard","meta":{"ngg_post_thumbnail":0,"footnotes":""},"categories":[1],"tags":[],"_links":{"self":[{"href":"https:\/\/vandralasteaed.pparnumaa.ee\/index.php?rest_route=\/wp\/v2\/posts\/1340"}],"collection":[{"href":"https:\/\/vandralasteaed.pparnumaa.ee\/index.php?rest_route=\/wp\/v2\/posts"}],"about":[{"href":"https:\/\/vandralasteaed.pparnumaa.ee\/index.php?rest_route=\/wp\/v2\/types\/post"}],"author":[{"embeddable":true,"href":"https:\/\/vandralasteaed.pparnumaa.ee\/index.php?rest_route=\/wp\/v2\/users\/1"}],"replies":[{"embeddable":true,"href":"https:\/\/vandralasteaed.pparnumaa.ee\/index.php?rest_route=%2Fwp%2Fv2%2Fcomments&post=1340"}],"version-history":[{"count":1,"href":"https:\/\/vandralasteaed.pparnumaa.ee\/index.php?rest_route=\/wp\/v2\/posts\/1340\/revisions"}],"predecessor-version":[{"id":1341,"href":"https:\/\/vandralasteaed.pparnumaa.ee\/index.php?rest_route=\/wp\/v2\/posts\/1340\/revisions\/1341"}],"wp:attachment":[{"href":"https:\/\/vandralasteaed.pparnumaa.ee\/index.php?rest_route=%2Fwp%2Fv2%2Fmedia&parent=1340"}],"wp:term":[{"taxonomy":"category","embeddable":true,"href":"https:\/\/vandralasteaed.pparnumaa.ee\/index.php?rest_route=%2Fwp%2Fv2%2Fcategories&post=1340"},{"taxonomy":"post_tag","embeddable":true,"href":"https:\/\/vandralasteaed.pparnumaa.ee\/index.php?rest_route=%2Fwp%2Fv2%2Ftags&post=1340"}],"curies":[{"name":"wp","href":"https:\/\/api.w.org\/{rel}","templated":true}]}}