{"id":1362,"date":"2013-11-29T14:51:53","date_gmt":"2013-11-29T12:51:53","guid":{"rendered":"http:\/\/vandralasteaed.eu\/?p=1362"},"modified":"2013-11-29T14:52:37","modified_gmt":"2013-11-29T12:52:37","slug":"joulupeod-2","status":"publish","type":"post","link":"https:\/\/vandralasteaed.pparnumaa.ee\/?p=1362","title":{"rendered":"J\u00d5ULUPEOD"},"content":{"rendered":"<p><strong>R\u00dcHMADE J\u00d5ULUPEOD:<\/strong><\/p>\n<p>REEDEL 13.12. kell 16.00 \u00a0TIBUD<\/p>\n<p>P\u00dcHAP\u00c4EVAL 15.12. kell 14.00 \u00a0M\u00dcRAKARUD KURGJAL<\/p>\n<p>ESMASP\u00c4EVAL 16.12.\u00a0kell 17.00\u00a0 MESIMUMMID ja M\u00d5MMIKUD<\/p>\n<p>TEISIP\u00c4EVAL 17.12. kell 16.00 LEPATRIINUD;\u00a0kell 17.00 BEEBIKOOL<\/p>\n<p>KOLMAP\u00c4EVAL 18.12. kell 10.30 KAISUKARUD; kell 17.00 P\u00c4IKESEJ\u00c4NKUD KURGJAL<\/p>\n<p>NELJAP\u00c4EVAL 19.12. kell 17.00 PUHHID; kell 17.15 MESIK\u00c4PAD<\/p>\n<p>REEDEL 20.12. kell 17.00 P\u00d5NNID<\/p>\n<p>Teiste r\u00fchmade peod toimuvad oma majas.<\/p>\n","protected":false},"excerpt":{"rendered":"<p>R\u00dcHMADE J\u00d5ULUPEOD: REEDEL 13.12. kell 16.00 \u00a0TIBUD P\u00dcHAP\u00c4EVAL 15.12. kell 14.00 \u00a0M\u00dcRAKARUD KURGJAL ESMASP\u00c4EVAL 16.12.\u00a0kell 17.00\u00a0 MESIMUMMID ja M\u00d5MMIKUD TEISIP\u00c4EVAL 17.12. kell 16.00 LEPATRIINUD;\u00a0kell 17.00 BEEBIKOOL KOLMAP\u00c4EVAL 18.12. kell 10.30 KAISUKARUD; kell 17.00 P\u00c4IKESEJ\u00c4NKUD KURGJAL NELJAP\u00c4EVAL 19.12. kell 17.00 PUHHID; kell 17.15 MESIK\u00c4PAD REEDEL 20.12. kell 17.00 P\u00d5NNID Teiste r\u00fchmade peod toimuvad oma majas.<\/p>\n","protected":false},"author":1,"featured_media":0,"comment_status":"closed","ping_status":"open","sticky":false,"template":"","format":"standard","meta":{"ngg_post_thumbnail":0,"footnotes":""},"categories":[1],"tags":[],"_links":{"self":[{"href":"https:\/\/vandralasteaed.pparnumaa.ee\/index.php?rest_route=\/wp\/v2\/posts\/1362"}],"collection":[{"href":"https:\/\/vandralasteaed.pparnumaa.ee\/index.php?rest_route=\/wp\/v2\/posts"}],"about":[{"href":"https:\/\/vandralasteaed.pparnumaa.ee\/index.php?rest_route=\/wp\/v2\/types\/post"}],"author":[{"embeddable":true,"href":"https:\/\/vandralasteaed.pparnumaa.ee\/index.php?rest_route=\/wp\/v2\/users\/1"}],"replies":[{"embeddable":true,"href":"https:\/\/vandralasteaed.pparnumaa.ee\/index.php?rest_route=%2Fwp%2Fv2%2Fcomments&post=1362"}],"version-history":[{"count":2,"href":"https:\/\/vandralasteaed.pparnumaa.ee\/index.php?rest_route=\/wp\/v2\/posts\/1362\/revisions"}],"predecessor-version":[{"id":1364,"href":"https:\/\/vandralasteaed.pparnumaa.ee\/index.php?rest_route=\/wp\/v2\/posts\/1362\/revisions\/1364"}],"wp:attachment":[{"href":"https:\/\/vandralasteaed.pparnumaa.ee\/index.php?rest_route=%2Fwp%2Fv2%2Fmedia&parent=1362"}],"wp:term":[{"taxonomy":"category","embeddable":true,"href":"https:\/\/vandralasteaed.pparnumaa.ee\/index.php?rest_route=%2Fwp%2Fv2%2Fcategories&post=1362"},{"taxonomy":"post_tag","embeddable":true,"href":"https:\/\/vandralasteaed.pparnumaa.ee\/index.php?rest_route=%2Fwp%2Fv2%2Ftags&post=1362"}],"curies":[{"name":"wp","href":"https:\/\/api.w.org\/{rel}","templated":true}]}}