{"id":15213,"date":"2022-10-13T07:34:57","date_gmt":"2022-10-13T05:34:57","guid":{"rendered":"http:\/\/vandralasteaed.pparnumaa.ee\/?p=15213"},"modified":"2022-10-13T07:39:48","modified_gmt":"2022-10-13T05:39:48","slug":"pohja-parnumaa-valla-tanukiri","status":"publish","type":"post","link":"https:\/\/vandralasteaed.pparnumaa.ee\/?p=15213","title":{"rendered":"P\u00d5HJA-P\u00c4RNUMAA VALLA T\u00c4NUKIRI"},"content":{"rendered":"<p>P\u00f5hja-P\u00e4rnumaa valla t\u00e4nukirja said 5. oktoobril 2022 aastal meie t\u00f6\u00f6tajad:<\/p>\n<p><strong>MAIGI VALK<\/strong>&#8211; panuses eest alushariduse arengusse<\/p>\n<p><strong>SIIRI SING&nbsp;<\/strong>&#8211; panuse eest asutuse arengusse<\/p>\n<p><strong>MARET J\u00dcRIM\u00c4E<\/strong>&#8211; panuse eest erivajadusega laste toetamisse<\/p>\n<p><strong>TIINA JA AIN SILBAUM <\/strong>&#8211; pikaaegse t\u00f6\u00f6 ja panuse eest M\u00fcrakaru majas<\/p>\n<p><a href=\"https:\/\/vandralasteaed.pparnumaa.ee\/wp-content\/uploads\/2022\/10\/Palju-\u00f5nne.jpg\"><img loading=\"lazy\" decoding=\"async\" class=\"wp-image-15214 alignleft\" src=\"https:\/\/vandralasteaed.pparnumaa.ee\/wp-content\/uploads\/2022\/10\/Palju-\u00f5nne.jpg\" alt=\"\" width=\"905\" height=\"642\" srcset=\"https:\/\/vandralasteaed.pparnumaa.ee\/wp-content\/uploads\/2022\/10\/Palju-\u00f5nne.jpg 1747w, https:\/\/vandralasteaed.pparnumaa.ee\/wp-content\/uploads\/2022\/10\/Palju-\u00f5nne-300x213.jpg 300w, https:\/\/vandralasteaed.pparnumaa.ee\/wp-content\/uploads\/2022\/10\/Palju-\u00f5nne-768x545.jpg 768w, https:\/\/vandralasteaed.pparnumaa.ee\/wp-content\/uploads\/2022\/10\/Palju-\u00f5nne-1024x727.jpg 1024w, https:\/\/vandralasteaed.pparnumaa.ee\/wp-content\/uploads\/2022\/10\/Palju-\u00f5nne-250x177.jpg 250w\" sizes=\"(max-width: 709px) 85vw, (max-width: 909px) 67vw, (max-width: 1362px) 62vw, 840px\" \/><\/a><\/p>\n","protected":false},"excerpt":{"rendered":"<p>P\u00f5hja-P\u00e4rnumaa valla t\u00e4nukirja said 5. oktoobril 2022 aastal meie t\u00f6\u00f6tajad: MAIGI VALK&#8211; panuses eest alushariduse arengusse SIIRI SING&nbsp;&#8211; panuse eest asutuse arengusse MARET J\u00dcRIM\u00c4E&#8211; panuse eest erivajadusega laste toetamisse TIINA JA AIN SILBAUM &#8211; pikaaegse t\u00f6\u00f6 ja panuse eest M\u00fcrakaru majas<\/p>\n","protected":false},"author":1,"featured_media":0,"comment_status":"closed","ping_status":"open","sticky":false,"template":"","format":"standard","meta":{"ngg_post_thumbnail":0,"footnotes":""},"categories":[1],"tags":[],"_links":{"self":[{"href":"https:\/\/vandralasteaed.pparnumaa.ee\/index.php?rest_route=\/wp\/v2\/posts\/15213"}],"collection":[{"href":"https:\/\/vandralasteaed.pparnumaa.ee\/index.php?rest_route=\/wp\/v2\/posts"}],"about":[{"href":"https:\/\/vandralasteaed.pparnumaa.ee\/index.php?rest_route=\/wp\/v2\/types\/post"}],"author":[{"embeddable":true,"href":"https:\/\/vandralasteaed.pparnumaa.ee\/index.php?rest_route=\/wp\/v2\/users\/1"}],"replies":[{"embeddable":true,"href":"https:\/\/vandralasteaed.pparnumaa.ee\/index.php?rest_route=%2Fwp%2Fv2%2Fcomments&post=15213"}],"version-history":[{"count":4,"href":"https:\/\/vandralasteaed.pparnumaa.ee\/index.php?rest_route=\/wp\/v2\/posts\/15213\/revisions"}],"predecessor-version":[{"id":15218,"href":"https:\/\/vandralasteaed.pparnumaa.ee\/index.php?rest_route=\/wp\/v2\/posts\/15213\/revisions\/15218"}],"wp:attachment":[{"href":"https:\/\/vandralasteaed.pparnumaa.ee\/index.php?rest_route=%2Fwp%2Fv2%2Fmedia&parent=15213"}],"wp:term":[{"taxonomy":"category","embeddable":true,"href":"https:\/\/vandralasteaed.pparnumaa.ee\/index.php?rest_route=%2Fwp%2Fv2%2Fcategories&post=15213"},{"taxonomy":"post_tag","embeddable":true,"href":"https:\/\/vandralasteaed.pparnumaa.ee\/index.php?rest_route=%2Fwp%2Fv2%2Ftags&post=15213"}],"curies":[{"name":"wp","href":"https:\/\/api.w.org\/{rel}","templated":true}]}}