{"id":17091,"date":"2025-02-19T14:43:32","date_gmt":"2025-02-19T12:43:32","guid":{"rendered":"https:\/\/vandralasteaed.pparnumaa.ee\/?p=17091"},"modified":"2025-04-01T13:49:55","modified_gmt":"2025-04-01T11:49:55","slug":"ootame-oma-meeskonda-eripedagoogi","status":"publish","type":"post","link":"https:\/\/vandralasteaed.pparnumaa.ee\/?p=17091","title":{"rendered":"Ootame oma meeskonda Eripedagoogi!"},"content":{"rendered":"\n<figure class=\"wp-block-pullquote has-text-align-left\"><blockquote><p><strong>V\u00c4NDRA LASTEAED ootab oma meeskonda<\/strong><br><strong>ERIPEDAGOOGI (1,0 ametikohale, t\u00e4htajatu leping)<\/strong><br><br><strong>Peamisteks t\u00f6\u00f6\u00fclesanneteks on:<\/strong><br>lapse \u00fcldoskuste ning k\u00f5ne arengu toetamine;<br>lasteaia tugis\u00fcsteemi arendamises osalemine;<br>kolleegide ja lapsevanemate eripedagoogiline n\u00f5ustamine;<br>koost\u00f6\u00f6 vanemate, \u00f5petajate, teiste erialaspetsialistide ja kolleegidega.<br>\u00a0<br><strong>\u00a0N\u00f5uded:<\/strong><br>erialane magistrikraad v\u00f5i sellele vastav kvalifikatsioon.<br><br><strong>Omalt poolt pakume:<\/strong><br>konkurentsiv\u00f5imelist t\u00f6\u00f6tasu;<br>paindlikku t\u00f6\u00f6aega;<br>l\u00e4bir\u00e4\u00e4kimisv\u00f5imalust t\u00f6\u00f6koormuse osas;<br>puhkust 56 kalendrip\u00e4eva;<br>vaheldusrikast t\u00f6\u00f6d erinevates \u00f5ppehoonetes V\u00e4ndra alevis ning Vihtra k\u00fclas;<br>vahvat meeskonda, meeleolukaid \u00fchis\u00fcritusi ning kaasahaaravaid tervisetegevusi;<br>P\u00f5hja-P\u00e4rnumaa vald toetab noori tugispetsialiste \u201eK\u00f5rgharidusega noorele \u00f5petajale ja tugispetsialistile toetuse taotlemise, maksmise ja tagasin\u00f5udmise kord\u201c (<a href=\"https:\/\/www.riigiteataja.ee\/akt\/428012023046\">https:\/\/www.riigiteataja.ee\/akt\/428012023046<\/a>);<br>P\u00f5hja-P\u00e4rnumaa vald pakub stipendiumit \u00f5ppijatele \u201e\u00d5petajakoolituse ja tugispetsialistide koolituse \u00fcli\u00f5pilaste stipendiumi suurus, maksmise tingimused ja kord&#8221;\u00a0 (<a href=\"https:\/\/www.riigiteataja.ee\/akt\/425102023026\">https:\/\/www.riigiteataja.ee\/akt\/425102023026<\/a>).<br><br><strong>T\u00f6\u00f6le asumise aeg: <\/strong>esimesel v\u00f5imalusel.<br><br><strong>Tunned r\u00f5\u00f5mu laste\u00a0 oskuslikust toetamisest \u2013 tule meile eripedagoogiks ja r\u00f5\u00f5mustame koos!<\/strong><br><br>Saada meile oma kandideerimissoov ning kvalifikatsiooni t\u00f5endavad dokumendid hiljemalt 30.04.2025<br>aadressil: vandralasteaed@pparnumaa.ee<br><br>Lisainfo: Leila Suits telefon 5199 9545<\/p><\/blockquote><\/figure>\n","protected":false},"excerpt":{"rendered":"<p>V\u00c4NDRA LASTEAED ootab oma meeskondaERIPEDAGOOGI (1,0 ametikohale, t\u00e4htajatu leping) Peamisteks t\u00f6\u00f6\u00fclesanneteks on:lapse \u00fcldoskuste ning k\u00f5ne arengu toetamine;lasteaia tugis\u00fcsteemi arendamises osalemine;kolleegide ja lapsevanemate eripedagoogiline n\u00f5ustamine;koost\u00f6\u00f6 vanemate, \u00f5petajate, teiste erialaspetsialistide ja kolleegidega.\u00a0\u00a0N\u00f5uded:erialane magistrikraad v\u00f5i sellele vastav kvalifikatsioon. Omalt poolt pakume:konkurentsiv\u00f5imelist t\u00f6\u00f6tasu;paindlikku t\u00f6\u00f6aega;l\u00e4bir\u00e4\u00e4kimisv\u00f5imalust t\u00f6\u00f6koormuse osas;puhkust 56 kalendrip\u00e4eva;vaheldusrikast t\u00f6\u00f6d erinevates \u00f5ppehoonetes V\u00e4ndra alevis ning Vihtra k\u00fclas;vahvat meeskonda, meeleolukaid \u00fchis\u00fcritusi &hellip; <a href=\"https:\/\/vandralasteaed.pparnumaa.ee\/?p=17091\" class=\"more-link\">Loe edasi<span class=\"screen-reader-text\"> &#8220;Ootame oma meeskonda Eripedagoogi!&#8221;<\/span><\/a><\/p>\n","protected":false},"author":9,"featured_media":0,"comment_status":"closed","ping_status":"closed","sticky":false,"template":"","format":"standard","meta":{"ngg_post_thumbnail":0,"footnotes":""},"categories":[1],"tags":[],"_links":{"self":[{"href":"https:\/\/vandralasteaed.pparnumaa.ee\/index.php?rest_route=\/wp\/v2\/posts\/17091"}],"collection":[{"href":"https:\/\/vandralasteaed.pparnumaa.ee\/index.php?rest_route=\/wp\/v2\/posts"}],"about":[{"href":"https:\/\/vandralasteaed.pparnumaa.ee\/index.php?rest_route=\/wp\/v2\/types\/post"}],"author":[{"embeddable":true,"href":"https:\/\/vandralasteaed.pparnumaa.ee\/index.php?rest_route=\/wp\/v2\/users\/9"}],"replies":[{"embeddable":true,"href":"https:\/\/vandralasteaed.pparnumaa.ee\/index.php?rest_route=%2Fwp%2Fv2%2Fcomments&post=17091"}],"version-history":[{"count":4,"href":"https:\/\/vandralasteaed.pparnumaa.ee\/index.php?rest_route=\/wp\/v2\/posts\/17091\/revisions"}],"predecessor-version":[{"id":17131,"href":"https:\/\/vandralasteaed.pparnumaa.ee\/index.php?rest_route=\/wp\/v2\/posts\/17091\/revisions\/17131"}],"wp:attachment":[{"href":"https:\/\/vandralasteaed.pparnumaa.ee\/index.php?rest_route=%2Fwp%2Fv2%2Fmedia&parent=17091"}],"wp:term":[{"taxonomy":"category","embeddable":true,"href":"https:\/\/vandralasteaed.pparnumaa.ee\/index.php?rest_route=%2Fwp%2Fv2%2Fcategories&post=17091"},{"taxonomy":"post_tag","embeddable":true,"href":"https:\/\/vandralasteaed.pparnumaa.ee\/index.php?rest_route=%2Fwp%2Fv2%2Ftags&post=17091"}],"curies":[{"name":"wp","href":"https:\/\/api.w.org\/{rel}","templated":true}]}}